{"id":13298,"date":"2023-03-28T12:18:00","date_gmt":"2023-03-28T17:18:00","guid":{"rendered":"https:\/\/ugelcusco.gob.pe\/ws\/?p=13298"},"modified":"2023-03-29T20:21:13","modified_gmt":"2023-03-30T01:21:13","slug":"oficio-multiple-n049-2023-gr-c-geredu-c-dugel-c-dagp","status":"publish","type":"post","link":"https:\/\/ugelcusco.gob.pe\/ws\/oficio-multiple-n049-2023-gr-c-geredu-c-dugel-c-dagp\/","title":{"rendered":"OFICIO MULTIPLE N\u00b0049-2023-GR-C\/GEREDU-C\/DUGEL-C\/DAGP"},"content":{"rendered":"\n<p><strong>ASUNTO:<\/strong> COMUNICA DISPOSICIONES CON MOTIVOS DE LA SOLEMNIDAD DE LUNES SANTO \u2013 PROCESI\u00d3N Y BENDICI\u00d3N DEL SE\u00d1OR DE LOS TEMBLORES.<\/p>\n\n\n\n<p><strong><a href=\"https:\/\/ugelcusco.gob.pe\/ws\/wp-content\/uploads\/2023\/03\/Oficio-Multiple-N\u00b0049-2023-GR-C-GEREDU-C-DUGEL-C.pdf\">Leer mas &#8230;<\/a><\/strong><\/p>\n","protected":false},"excerpt":{"rendered":"<p>ASUNTO: COMUNICA DISPOSICIONES CON MOTIVOS DE LA SOLEMNIDAD DE LUNES SANTO \u2013 PROCESI\u00d3N Y BENDICI\u00d3N DEL SE\u00d1OR DE LOS TEMBLORES. Leer mas &#8230;<\/p>\n","protected":false},"author":1,"featured_media":13294,"comment_status":"closed","ping_status":"closed","sticky":false,"template":"","format":"standard","meta":{"qubely_global_settings":"","qubely_interactions":"","footnotes":""},"categories":[94],"tags":[],"class_list":["post-13298","post","type-post","status-publish","format-standard","has-post-thumbnail","hentry","category-oficios"],"qubely_featured_image_url":{"full":["https:\/\/ugelcusco.gob.pe\/ws\/wp-content\/uploads\/2023\/03\/oficio49.png",653,828,false],"landscape":["https:\/\/ugelcusco.gob.pe\/ws\/wp-content\/uploads\/2023\/03\/oficio49-653x750.png",653,750,true],"portraits":["https:\/\/ugelcusco.gob.pe\/ws\/wp-content\/uploads\/2023\/03\/oficio49-540x320.png",540,320,true],"thumbnail":["https:\/\/ugelcusco.gob.pe\/ws\/wp-content\/uploads\/2023\/03\/oficio49-150x150.png",150,150,true],"medium":["https:\/\/ugelcusco.gob.pe\/ws\/wp-content\/uploads\/2023\/03\/oficio49-237x300.png",237,300,true],"medium_large":["https:\/\/ugelcusco.gob.pe\/ws\/wp-content\/uploads\/2023\/03\/oficio49.png",653,828,false],"large":["https:\/\/ugelcusco.gob.pe\/ws\/wp-content\/uploads\/2023\/03\/oficio49.png",653,828,false],"1536x1536":["https:\/\/ugelcusco.gob.pe\/ws\/wp-content\/uploads\/2023\/03\/oficio49.png",653,828,false],"2048x2048":["https:\/\/ugelcusco.gob.pe\/ws\/wp-content\/uploads\/2023\/03\/oficio49.png",653,828,false],"qubely_landscape":["https:\/\/ugelcusco.gob.pe\/ws\/wp-content\/uploads\/2023\/03\/oficio49-653x750.png",653,750,true],"qubely_portrait":["https:\/\/ugelcusco.gob.pe\/ws\/wp-content\/uploads\/2023\/03\/oficio49-540x320.png",540,320,true],"qubely_thumbnail":["https:\/\/ugelcusco.gob.pe\/ws\/wp-content\/uploads\/2023\/03\/oficio49-140x100.png",140,100,true],"wpeducon-large":["https:\/\/ugelcusco.gob.pe\/ws\/wp-content\/uploads\/2023\/03\/oficio49-653x750.png",653,750,true],"wpeducon-medium":["https:\/\/ugelcusco.gob.pe\/ws\/wp-content\/uploads\/2023\/03\/oficio49-570x360.png",570,360,true],"wpeducon-gallery":["https:\/\/ugelcusco.gob.pe\/ws\/wp-content\/uploads\/2023\/03\/oficio49-360x315.png",360,315,true],"wpeducon-gallery-two":["https:\/\/ugelcusco.gob.pe\/ws\/wp-content\/uploads\/2023\/03\/oficio49-653x368.png",653,368,true],"wpeducon-thumb":["https:\/\/ugelcusco.gob.pe\/ws\/wp-content\/uploads\/2023\/03\/oficio49-380x180.png",380,180,true],"wpeducon-small":["https:\/\/ugelcusco.gob.pe\/ws\/wp-content\/uploads\/2023\/03\/oficio49-76x82.png",76,82,true],"menu-24x24":["https:\/\/ugelcusco.gob.pe\/ws\/wp-content\/uploads\/2023\/03\/oficio49-19x24.png",19,24,true],"menu-36x36":["https:\/\/ugelcusco.gob.pe\/ws\/wp-content\/uploads\/2023\/03\/oficio49-28x36.png",28,36,true],"menu-62x62":["https:\/\/ugelcusco.gob.pe\/ws\/wp-content\/uploads\/2023\/03\/oficio49-49x62.png",49,62,true]},"qubely_author":{"display_name":"admin","author_link":"https:\/\/ugelcusco.gob.pe\/ws\/author\/admin\/"},"qubely_comment":0,"qubely_category":"<a href=\"https:\/\/ugelcusco.gob.pe\/ws\/category\/oficios\/\" rel=\"category tag\">Oficios<\/a>","qubely_excerpt":"ASUNTO: COMUNICA DISPOSICIONES CON MOTIVOS DE LA SOLEMNIDAD DE LUNES SANTO \u2013 PROCESI\u00d3N Y BENDICI\u00d3N DEL SE\u00d1OR DE LOS TEMBLORES. Leer mas &#8230;","_links":{"self":[{"href":"https:\/\/ugelcusco.gob.pe\/ws\/wp-json\/wp\/v2\/posts\/13298","targetHints":{"allow":["GET"]}}],"collection":[{"href":"https:\/\/ugelcusco.gob.pe\/ws\/wp-json\/wp\/v2\/posts"}],"about":[{"href":"https:\/\/ugelcusco.gob.pe\/ws\/wp-json\/wp\/v2\/types\/post"}],"author":[{"embeddable":true,"href":"https:\/\/ugelcusco.gob.pe\/ws\/wp-json\/wp\/v2\/users\/1"}],"replies":[{"embeddable":true,"href":"https:\/\/ugelcusco.gob.pe\/ws\/wp-json\/wp\/v2\/comments?post=13298"}],"version-history":[{"count":1,"href":"https:\/\/ugelcusco.gob.pe\/ws\/wp-json\/wp\/v2\/posts\/13298\/revisions"}],"predecessor-version":[{"id":13299,"href":"https:\/\/ugelcusco.gob.pe\/ws\/wp-json\/wp\/v2\/posts\/13298\/revisions\/13299"}],"wp:featuredmedia":[{"embeddable":true,"href":"https:\/\/ugelcusco.gob.pe\/ws\/wp-json\/wp\/v2\/media\/13294"}],"wp:attachment":[{"href":"https:\/\/ugelcusco.gob.pe\/ws\/wp-json\/wp\/v2\/media?parent=13298"}],"wp:term":[{"taxonomy":"category","embeddable":true,"href":"https:\/\/ugelcusco.gob.pe\/ws\/wp-json\/wp\/v2\/categories?post=13298"},{"taxonomy":"post_tag","embeddable":true,"href":"https:\/\/ugelcusco.gob.pe\/ws\/wp-json\/wp\/v2\/tags?post=13298"}],"curies":[{"name":"wp","href":"https:\/\/api.w.org\/{rel}","templated":true}]}}