{"id":13359,"date":"2023-04-05T16:26:52","date_gmt":"2023-04-05T21:26:52","guid":{"rendered":"https:\/\/ugelcusco.gob.pe\/ws\/?p=13359"},"modified":"2023-04-05T16:26:53","modified_gmt":"2023-04-05T21:26:53","slug":"oficio-multiple-n53-2023-gr-c-geredu-c-dugel-c-dagp-ep","status":"publish","type":"post","link":"https:\/\/ugelcusco.gob.pe\/ws\/oficio-multiple-n53-2023-gr-c-geredu-c-dugel-c-dagp-ep\/","title":{"rendered":"OFICIO M\u00daLTIPLE N\u00b053-2023\/GR-C\/GEREDU-C\/DUGEL-C\/DAGP-EP"},"content":{"rendered":"\n<p><strong>ASUNTO:<\/strong> CONVOCA A MICRO TALLER SOBRE IMPLEMENTACI\u00d3N DE LA BIBLIOTECA DE AULA DIRIGIDO A DIRECTORES Y SUBDIRECTORES DE IIEE P\u00daBLICAS DE EDUCACI\u00d3N PRIMARIA.<\/p>\n\n\n\n<p><strong><a href=\"https:\/\/ugelcusco.gob.pe\/ws\/wp-content\/uploads\/2023\/04\/Oficio-Multiple-N\u00b053-2023-GR-C-GEREDU-C-DUGEL-C-DAGP-EP.pdf\">Leer mas&#8230;<\/a><\/strong><\/p>\n","protected":false},"excerpt":{"rendered":"<p>ASUNTO: CONVOCA A MICRO TALLER SOBRE IMPLEMENTACI\u00d3N DE LA BIBLIOTECA DE AULA DIRIGIDO A DIRECTORES Y SUBDIRECTORES DE IIEE P\u00daBLICAS DE EDUCACI\u00d3N PRIMARIA. Leer mas&#8230;<\/p>\n","protected":false},"author":1,"featured_media":13361,"comment_status":"closed","ping_status":"closed","sticky":false,"template":"","format":"standard","meta":{"qubely_global_settings":"","qubely_interactions":"","footnotes":""},"categories":[94],"tags":[],"class_list":["post-13359","post","type-post","status-publish","format-standard","has-post-thumbnail","hentry","category-oficios"],"qubely_featured_image_url":{"full":["https:\/\/ugelcusco.gob.pe\/ws\/wp-content\/uploads\/2023\/04\/oficio53.png",623,854,false],"landscape":["https:\/\/ugelcusco.gob.pe\/ws\/wp-content\/uploads\/2023\/04\/oficio53-623x750.png",623,750,true],"portraits":["https:\/\/ugelcusco.gob.pe\/ws\/wp-content\/uploads\/2023\/04\/oficio53-540x320.png",540,320,true],"thumbnail":["https:\/\/ugelcusco.gob.pe\/ws\/wp-content\/uploads\/2023\/04\/oficio53-150x150.png",150,150,true],"medium":["https:\/\/ugelcusco.gob.pe\/ws\/wp-content\/uploads\/2023\/04\/oficio53-219x300.png",219,300,true],"medium_large":["https:\/\/ugelcusco.gob.pe\/ws\/wp-content\/uploads\/2023\/04\/oficio53.png",623,854,false],"large":["https:\/\/ugelcusco.gob.pe\/ws\/wp-content\/uploads\/2023\/04\/oficio53.png",623,854,false],"1536x1536":["https:\/\/ugelcusco.gob.pe\/ws\/wp-content\/uploads\/2023\/04\/oficio53.png",623,854,false],"2048x2048":["https:\/\/ugelcusco.gob.pe\/ws\/wp-content\/uploads\/2023\/04\/oficio53.png",623,854,false],"qubely_landscape":["https:\/\/ugelcusco.gob.pe\/ws\/wp-content\/uploads\/2023\/04\/oficio53-623x750.png",623,750,true],"qubely_portrait":["https:\/\/ugelcusco.gob.pe\/ws\/wp-content\/uploads\/2023\/04\/oficio53-540x320.png",540,320,true],"qubely_thumbnail":["https:\/\/ugelcusco.gob.pe\/ws\/wp-content\/uploads\/2023\/04\/oficio53-140x100.png",140,100,true],"wpeducon-large":["https:\/\/ugelcusco.gob.pe\/ws\/wp-content\/uploads\/2023\/04\/oficio53-623x750.png",623,750,true],"wpeducon-medium":["https:\/\/ugelcusco.gob.pe\/ws\/wp-content\/uploads\/2023\/04\/oficio53-570x360.png",570,360,true],"wpeducon-gallery":["https:\/\/ugelcusco.gob.pe\/ws\/wp-content\/uploads\/2023\/04\/oficio53-360x315.png",360,315,true],"wpeducon-gallery-two":["https:\/\/ugelcusco.gob.pe\/ws\/wp-content\/uploads\/2023\/04\/oficio53-623x368.png",623,368,true],"wpeducon-thumb":["https:\/\/ugelcusco.gob.pe\/ws\/wp-content\/uploads\/2023\/04\/oficio53-380x180.png",380,180,true],"wpeducon-small":["https:\/\/ugelcusco.gob.pe\/ws\/wp-content\/uploads\/2023\/04\/oficio53-76x82.png",76,82,true],"menu-24x24":["https:\/\/ugelcusco.gob.pe\/ws\/wp-content\/uploads\/2023\/04\/oficio53-18x24.png",18,24,true],"menu-36x36":["https:\/\/ugelcusco.gob.pe\/ws\/wp-content\/uploads\/2023\/04\/oficio53-26x36.png",26,36,true],"menu-62x62":["https:\/\/ugelcusco.gob.pe\/ws\/wp-content\/uploads\/2023\/04\/oficio53-45x62.png",45,62,true]},"qubely_author":{"display_name":"admin","author_link":"https:\/\/ugelcusco.gob.pe\/ws\/author\/admin\/"},"qubely_comment":0,"qubely_category":"<a href=\"https:\/\/ugelcusco.gob.pe\/ws\/category\/oficios\/\" rel=\"category tag\">Oficios<\/a>","qubely_excerpt":"ASUNTO: CONVOCA A MICRO TALLER SOBRE IMPLEMENTACI\u00d3N DE LA BIBLIOTECA DE AULA DIRIGIDO A DIRECTORES Y SUBDIRECTORES DE IIEE P\u00daBLICAS DE EDUCACI\u00d3N PRIMARIA. Leer mas&#8230;","_links":{"self":[{"href":"https:\/\/ugelcusco.gob.pe\/ws\/wp-json\/wp\/v2\/posts\/13359","targetHints":{"allow":["GET"]}}],"collection":[{"href":"https:\/\/ugelcusco.gob.pe\/ws\/wp-json\/wp\/v2\/posts"}],"about":[{"href":"https:\/\/ugelcusco.gob.pe\/ws\/wp-json\/wp\/v2\/types\/post"}],"author":[{"embeddable":true,"href":"https:\/\/ugelcusco.gob.pe\/ws\/wp-json\/wp\/v2\/users\/1"}],"replies":[{"embeddable":true,"href":"https:\/\/ugelcusco.gob.pe\/ws\/wp-json\/wp\/v2\/comments?post=13359"}],"version-history":[{"count":1,"href":"https:\/\/ugelcusco.gob.pe\/ws\/wp-json\/wp\/v2\/posts\/13359\/revisions"}],"predecessor-version":[{"id":13362,"href":"https:\/\/ugelcusco.gob.pe\/ws\/wp-json\/wp\/v2\/posts\/13359\/revisions\/13362"}],"wp:featuredmedia":[{"embeddable":true,"href":"https:\/\/ugelcusco.gob.pe\/ws\/wp-json\/wp\/v2\/media\/13361"}],"wp:attachment":[{"href":"https:\/\/ugelcusco.gob.pe\/ws\/wp-json\/wp\/v2\/media?parent=13359"}],"wp:term":[{"taxonomy":"category","embeddable":true,"href":"https:\/\/ugelcusco.gob.pe\/ws\/wp-json\/wp\/v2\/categories?post=13359"},{"taxonomy":"post_tag","embeddable":true,"href":"https:\/\/ugelcusco.gob.pe\/ws\/wp-json\/wp\/v2\/tags?post=13359"}],"curies":[{"name":"wp","href":"https:\/\/api.w.org\/{rel}","templated":true}]}}