{"id":14329,"date":"2023-07-14T10:28:24","date_gmt":"2023-07-14T15:28:24","guid":{"rendered":"https:\/\/ugelcusco.gob.pe\/ws\/?p=14329"},"modified":"2023-07-14T10:28:24","modified_gmt":"2023-07-14T15:28:24","slug":"oficio-multiple-n-168-2023-grc-geredu-c-dugel-c-dagp-ees","status":"publish","type":"post","link":"https:\/\/ugelcusco.gob.pe\/ws\/oficio-multiple-n-168-2023-grc-geredu-c-dugel-c-dagp-ees\/","title":{"rendered":"OFICIO MULTIPLE N\u00b0 168-2023-GRC\/ GEREDU-C\/DUGEL-C\/DAGP\/EES"},"content":{"rendered":"\n<p>ASUNTO: PRESENTACI\u00d3N DE SOLICITUDES PARA LA INCLUSI\u00d3N O EXCLUSI\u00d3N DE IIEE AL\/DEL MODELO DE SERVICIO EDUCATIVO JORNADA ESCOLAR COMPLETA.<\/p>\n\n\n\n<p><strong><a href=\"https:\/\/ugelcusco.gob.pe\/ws\/wp-content\/uploads\/2023\/07\/Oficio-Multiple-N\u00b0-168-2023-GRC-GEREDU-C-DUGEL-C-DAGP-EES.pdf\">VER OFICIO&#8230;<\/a><\/strong><\/p>\n\n\n\n<p><\/p>\n","protected":false},"excerpt":{"rendered":"<p>ASUNTO: PRESENTACI\u00d3N DE SOLICITUDES PARA LA INCLUSI\u00d3N O EXCLUSI\u00d3N DE IIEE AL\/DEL MODELO DE SERVICIO EDUCATIVO JORNADA ESCOLAR COMPLETA. VER OFICIO&#8230;<\/p>\n","protected":false},"author":1,"featured_media":14330,"comment_status":"closed","ping_status":"closed","sticky":false,"template":"","format":"standard","meta":{"qubely_global_settings":"","qubely_interactions":"","footnotes":""},"categories":[94],"tags":[],"class_list":["post-14329","post","type-post","status-publish","format-standard","has-post-thumbnail","hentry","category-oficios"],"qubely_featured_image_url":{"full":["https:\/\/ugelcusco.gob.pe\/ws\/wp-content\/uploads\/2023\/07\/image-1.png",661,820,false],"landscape":["https:\/\/ugelcusco.gob.pe\/ws\/wp-content\/uploads\/2023\/07\/image-1-661x750.png",661,750,true],"portraits":["https:\/\/ugelcusco.gob.pe\/ws\/wp-content\/uploads\/2023\/07\/image-1-540x320.png",540,320,true],"thumbnail":["https:\/\/ugelcusco.gob.pe\/ws\/wp-content\/uploads\/2023\/07\/image-1-150x150.png",150,150,true],"medium":["https:\/\/ugelcusco.gob.pe\/ws\/wp-content\/uploads\/2023\/07\/image-1-242x300.png",242,300,true],"medium_large":["https:\/\/ugelcusco.gob.pe\/ws\/wp-content\/uploads\/2023\/07\/image-1.png",661,820,false],"large":["https:\/\/ugelcusco.gob.pe\/ws\/wp-content\/uploads\/2023\/07\/image-1.png",661,820,false],"1536x1536":["https:\/\/ugelcusco.gob.pe\/ws\/wp-content\/uploads\/2023\/07\/image-1.png",661,820,false],"2048x2048":["https:\/\/ugelcusco.gob.pe\/ws\/wp-content\/uploads\/2023\/07\/image-1.png",661,820,false],"qubely_landscape":["https:\/\/ugelcusco.gob.pe\/ws\/wp-content\/uploads\/2023\/07\/image-1-661x750.png",661,750,true],"qubely_portrait":["https:\/\/ugelcusco.gob.pe\/ws\/wp-content\/uploads\/2023\/07\/image-1-540x320.png",540,320,true],"qubely_thumbnail":["https:\/\/ugelcusco.gob.pe\/ws\/wp-content\/uploads\/2023\/07\/image-1-140x100.png",140,100,true],"wpeducon-large":["https:\/\/ugelcusco.gob.pe\/ws\/wp-content\/uploads\/2023\/07\/image-1-661x750.png",661,750,true],"wpeducon-medium":["https:\/\/ugelcusco.gob.pe\/ws\/wp-content\/uploads\/2023\/07\/image-1-570x360.png",570,360,true],"wpeducon-gallery":["https:\/\/ugelcusco.gob.pe\/ws\/wp-content\/uploads\/2023\/07\/image-1-360x315.png",360,315,true],"wpeducon-gallery-two":["https:\/\/ugelcusco.gob.pe\/ws\/wp-content\/uploads\/2023\/07\/image-1-661x368.png",661,368,true],"wpeducon-thumb":["https:\/\/ugelcusco.gob.pe\/ws\/wp-content\/uploads\/2023\/07\/image-1-380x180.png",380,180,true],"wpeducon-small":["https:\/\/ugelcusco.gob.pe\/ws\/wp-content\/uploads\/2023\/07\/image-1-76x82.png",76,82,true],"menu-24x24":["https:\/\/ugelcusco.gob.pe\/ws\/wp-content\/uploads\/2023\/07\/image-1-19x24.png",19,24,true],"menu-36x36":["https:\/\/ugelcusco.gob.pe\/ws\/wp-content\/uploads\/2023\/07\/image-1-29x36.png",29,36,true],"menu-62x62":["https:\/\/ugelcusco.gob.pe\/ws\/wp-content\/uploads\/2023\/07\/image-1-50x62.png",50,62,true]},"qubely_author":{"display_name":"admin","author_link":"https:\/\/ugelcusco.gob.pe\/ws\/author\/admin\/"},"qubely_comment":0,"qubely_category":"<a href=\"https:\/\/ugelcusco.gob.pe\/ws\/category\/oficios\/\" rel=\"category tag\">Oficios<\/a>","qubely_excerpt":"ASUNTO: PRESENTACI\u00d3N DE SOLICITUDES PARA LA INCLUSI\u00d3N O EXCLUSI\u00d3N DE IIEE AL\/DEL MODELO DE SERVICIO EDUCATIVO JORNADA ESCOLAR COMPLETA. VER OFICIO&#8230;","_links":{"self":[{"href":"https:\/\/ugelcusco.gob.pe\/ws\/wp-json\/wp\/v2\/posts\/14329","targetHints":{"allow":["GET"]}}],"collection":[{"href":"https:\/\/ugelcusco.gob.pe\/ws\/wp-json\/wp\/v2\/posts"}],"about":[{"href":"https:\/\/ugelcusco.gob.pe\/ws\/wp-json\/wp\/v2\/types\/post"}],"author":[{"embeddable":true,"href":"https:\/\/ugelcusco.gob.pe\/ws\/wp-json\/wp\/v2\/users\/1"}],"replies":[{"embeddable":true,"href":"https:\/\/ugelcusco.gob.pe\/ws\/wp-json\/wp\/v2\/comments?post=14329"}],"version-history":[{"count":1,"href":"https:\/\/ugelcusco.gob.pe\/ws\/wp-json\/wp\/v2\/posts\/14329\/revisions"}],"predecessor-version":[{"id":14331,"href":"https:\/\/ugelcusco.gob.pe\/ws\/wp-json\/wp\/v2\/posts\/14329\/revisions\/14331"}],"wp:featuredmedia":[{"embeddable":true,"href":"https:\/\/ugelcusco.gob.pe\/ws\/wp-json\/wp\/v2\/media\/14330"}],"wp:attachment":[{"href":"https:\/\/ugelcusco.gob.pe\/ws\/wp-json\/wp\/v2\/media?parent=14329"}],"wp:term":[{"taxonomy":"category","embeddable":true,"href":"https:\/\/ugelcusco.gob.pe\/ws\/wp-json\/wp\/v2\/categories?post=14329"},{"taxonomy":"post_tag","embeddable":true,"href":"https:\/\/ugelcusco.gob.pe\/ws\/wp-json\/wp\/v2\/tags?post=14329"}],"curies":[{"name":"wp","href":"https:\/\/api.w.org\/{rel}","templated":true}]}}