{"id":14385,"date":"2023-07-18T15:43:56","date_gmt":"2023-07-18T20:43:56","guid":{"rendered":"https:\/\/ugelcusco.gob.pe\/ws\/?p=14385"},"modified":"2023-07-18T15:43:56","modified_gmt":"2023-07-18T20:43:56","slug":"oficio-multiple-n-177-2023-grc-geredu-c-dugel-c-dagp","status":"publish","type":"post","link":"https:\/\/ugelcusco.gob.pe\/ws\/oficio-multiple-n-177-2023-grc-geredu-c-dugel-c-dagp\/","title":{"rendered":"OFICIO M\u00daLTIPLE N\u00b0 177-2023-GRC\/GEREDU-C\/DUGEL-C\/DAGP"},"content":{"rendered":"\n<p>ASUNTO: PRECISIONES PARA EL DESARROLLO DE DESFILE C\u00cdVICO ESCOLAR CON MOTIVOS DE LOS 202 ANIVERSARIO DE LA INDEPENDENCIA DEL PER\u00da<\/p>\n\n\n\n<p><a href=\"https:\/\/ugelcusco.gob.pe\/ws\/wp-content\/uploads\/2023\/07\/OFICIO-PARA-MUNICIPALIDADES-177.pdf\" data-type=\"URL\" data-id=\"https:\/\/ugelcusco.gob.pe\/ws\/wp-content\/uploads\/2023\/07\/INVITACION-A-PARTICIPAR-CONCURSOS-NACIONALES.pdf\">Leer m\u00e1s<\/a><\/p>\n","protected":false},"excerpt":{"rendered":"<p>ASUNTO: PRECISIONES PARA EL DESARROLLO DE DESFILE C\u00cdVICO ESCOLAR CON MOTIVOS DE LOS 202 ANIVERSARIO DE LA INDEPENDENCIA DEL PER\u00da Leer m\u00e1s<\/p>\n","protected":false},"author":1,"featured_media":14386,"comment_status":"closed","ping_status":"closed","sticky":false,"template":"","format":"standard","meta":{"qubely_global_settings":"","qubely_interactions":"","footnotes":""},"categories":[94],"tags":[],"class_list":["post-14385","post","type-post","status-publish","format-standard","has-post-thumbnail","hentry","category-oficios"],"qubely_featured_image_url":{"full":["https:\/\/ugelcusco.gob.pe\/ws\/wp-content\/uploads\/2023\/07\/of-177.png",630,852,false],"landscape":["https:\/\/ugelcusco.gob.pe\/ws\/wp-content\/uploads\/2023\/07\/of-177-630x750.png",630,750,true],"portraits":["https:\/\/ugelcusco.gob.pe\/ws\/wp-content\/uploads\/2023\/07\/of-177-540x320.png",540,320,true],"thumbnail":["https:\/\/ugelcusco.gob.pe\/ws\/wp-content\/uploads\/2023\/07\/of-177-150x150.png",150,150,true],"medium":["https:\/\/ugelcusco.gob.pe\/ws\/wp-content\/uploads\/2023\/07\/of-177-222x300.png",222,300,true],"medium_large":["https:\/\/ugelcusco.gob.pe\/ws\/wp-content\/uploads\/2023\/07\/of-177.png",630,852,false],"large":["https:\/\/ugelcusco.gob.pe\/ws\/wp-content\/uploads\/2023\/07\/of-177.png",630,852,false],"1536x1536":["https:\/\/ugelcusco.gob.pe\/ws\/wp-content\/uploads\/2023\/07\/of-177.png",630,852,false],"2048x2048":["https:\/\/ugelcusco.gob.pe\/ws\/wp-content\/uploads\/2023\/07\/of-177.png",630,852,false],"qubely_landscape":["https:\/\/ugelcusco.gob.pe\/ws\/wp-content\/uploads\/2023\/07\/of-177-630x750.png",630,750,true],"qubely_portrait":["https:\/\/ugelcusco.gob.pe\/ws\/wp-content\/uploads\/2023\/07\/of-177-540x320.png",540,320,true],"qubely_thumbnail":["https:\/\/ugelcusco.gob.pe\/ws\/wp-content\/uploads\/2023\/07\/of-177-140x100.png",140,100,true],"wpeducon-large":["https:\/\/ugelcusco.gob.pe\/ws\/wp-content\/uploads\/2023\/07\/of-177-630x750.png",630,750,true],"wpeducon-medium":["https:\/\/ugelcusco.gob.pe\/ws\/wp-content\/uploads\/2023\/07\/of-177-570x360.png",570,360,true],"wpeducon-gallery":["https:\/\/ugelcusco.gob.pe\/ws\/wp-content\/uploads\/2023\/07\/of-177-360x315.png",360,315,true],"wpeducon-gallery-two":["https:\/\/ugelcusco.gob.pe\/ws\/wp-content\/uploads\/2023\/07\/of-177-630x368.png",630,368,true],"wpeducon-thumb":["https:\/\/ugelcusco.gob.pe\/ws\/wp-content\/uploads\/2023\/07\/of-177-380x180.png",380,180,true],"wpeducon-small":["https:\/\/ugelcusco.gob.pe\/ws\/wp-content\/uploads\/2023\/07\/of-177-76x82.png",76,82,true],"menu-24x24":["https:\/\/ugelcusco.gob.pe\/ws\/wp-content\/uploads\/2023\/07\/of-177-18x24.png",18,24,true],"menu-36x36":["https:\/\/ugelcusco.gob.pe\/ws\/wp-content\/uploads\/2023\/07\/of-177-27x36.png",27,36,true],"menu-62x62":["https:\/\/ugelcusco.gob.pe\/ws\/wp-content\/uploads\/2023\/07\/of-177-46x62.png",46,62,true]},"qubely_author":{"display_name":"admin","author_link":"https:\/\/ugelcusco.gob.pe\/ws\/author\/admin\/"},"qubely_comment":0,"qubely_category":"<a href=\"https:\/\/ugelcusco.gob.pe\/ws\/category\/oficios\/\" rel=\"category tag\">Oficios<\/a>","qubely_excerpt":"ASUNTO: PRECISIONES PARA EL DESARROLLO DE DESFILE C\u00cdVICO ESCOLAR CON MOTIVOS DE LOS 202 ANIVERSARIO DE LA INDEPENDENCIA DEL PER\u00da Leer m\u00e1s","_links":{"self":[{"href":"https:\/\/ugelcusco.gob.pe\/ws\/wp-json\/wp\/v2\/posts\/14385","targetHints":{"allow":["GET"]}}],"collection":[{"href":"https:\/\/ugelcusco.gob.pe\/ws\/wp-json\/wp\/v2\/posts"}],"about":[{"href":"https:\/\/ugelcusco.gob.pe\/ws\/wp-json\/wp\/v2\/types\/post"}],"author":[{"embeddable":true,"href":"https:\/\/ugelcusco.gob.pe\/ws\/wp-json\/wp\/v2\/users\/1"}],"replies":[{"embeddable":true,"href":"https:\/\/ugelcusco.gob.pe\/ws\/wp-json\/wp\/v2\/comments?post=14385"}],"version-history":[{"count":2,"href":"https:\/\/ugelcusco.gob.pe\/ws\/wp-json\/wp\/v2\/posts\/14385\/revisions"}],"predecessor-version":[{"id":14388,"href":"https:\/\/ugelcusco.gob.pe\/ws\/wp-json\/wp\/v2\/posts\/14385\/revisions\/14388"}],"wp:featuredmedia":[{"embeddable":true,"href":"https:\/\/ugelcusco.gob.pe\/ws\/wp-json\/wp\/v2\/media\/14386"}],"wp:attachment":[{"href":"https:\/\/ugelcusco.gob.pe\/ws\/wp-json\/wp\/v2\/media?parent=14385"}],"wp:term":[{"taxonomy":"category","embeddable":true,"href":"https:\/\/ugelcusco.gob.pe\/ws\/wp-json\/wp\/v2\/categories?post=14385"},{"taxonomy":"post_tag","embeddable":true,"href":"https:\/\/ugelcusco.gob.pe\/ws\/wp-json\/wp\/v2\/tags?post=14385"}],"curies":[{"name":"wp","href":"https:\/\/api.w.org\/{rel}","templated":true}]}}