{"id":14389,"date":"2023-07-18T15:53:23","date_gmt":"2023-07-18T20:53:23","guid":{"rendered":"https:\/\/ugelcusco.gob.pe\/ws\/?p=14389"},"modified":"2023-07-18T15:53:24","modified_gmt":"2023-07-18T20:53:24","slug":"oficio-multiple-n-178-2023-grc-geredu-c-dugel-c-dagp","status":"publish","type":"post","link":"https:\/\/ugelcusco.gob.pe\/ws\/oficio-multiple-n-178-2023-grc-geredu-c-dugel-c-dagp\/","title":{"rendered":"OFICIO M\u00daLTIPLE N\u00b0 178-2023-GRC\/GEREDU-C\/DUGEL-C\/DAGP."},"content":{"rendered":"\n<p>ASUNTO: COMUNICA CRONOGRAMA PARA DESARROLLO DEL DESFILE C\u00cdVICO ESCOLAR CON MOTIVOS DE LOS 202 ANIVERSARIO DE LA INDEPENDENCIA DEL PER\u00da<\/p>\n\n\n\n<p><a href=\"https:\/\/ugelcusco.gob.pe\/ws\/wp-content\/uploads\/2023\/07\/CRONOGRAMA-DE-DESFILE-ESCOLAR-178.pdf\" data-type=\"URL\" data-id=\"https:\/\/ugelcusco.gob.pe\/ws\/wp-content\/uploads\/2023\/07\/INVITACION-A-PARTICIPAR-CONCURSOS-NACIONALES.pdf\">Leer m\u00e1s<\/a><\/p>\n","protected":false},"excerpt":{"rendered":"<p>ASUNTO: COMUNICA CRONOGRAMA PARA DESARROLLO DEL DESFILE C\u00cdVICO ESCOLAR CON MOTIVOS DE LOS 202 ANIVERSARIO DE LA INDEPENDENCIA DEL PER\u00da Leer m\u00e1s<\/p>\n","protected":false},"author":1,"featured_media":14390,"comment_status":"closed","ping_status":"closed","sticky":false,"template":"","format":"standard","meta":{"qubely_global_settings":"","qubely_interactions":"","footnotes":""},"categories":[94],"tags":[],"class_list":["post-14389","post","type-post","status-publish","format-standard","has-post-thumbnail","hentry","category-oficios"],"qubely_featured_image_url":{"full":["https:\/\/ugelcusco.gob.pe\/ws\/wp-content\/uploads\/2023\/07\/of-178.png",709,893,false],"landscape":["https:\/\/ugelcusco.gob.pe\/ws\/wp-content\/uploads\/2023\/07\/of-178-709x750.png",709,750,true],"portraits":["https:\/\/ugelcusco.gob.pe\/ws\/wp-content\/uploads\/2023\/07\/of-178-540x320.png",540,320,true],"thumbnail":["https:\/\/ugelcusco.gob.pe\/ws\/wp-content\/uploads\/2023\/07\/of-178-150x150.png",150,150,true],"medium":["https:\/\/ugelcusco.gob.pe\/ws\/wp-content\/uploads\/2023\/07\/of-178-238x300.png",238,300,true],"medium_large":["https:\/\/ugelcusco.gob.pe\/ws\/wp-content\/uploads\/2023\/07\/of-178.png",709,893,false],"large":["https:\/\/ugelcusco.gob.pe\/ws\/wp-content\/uploads\/2023\/07\/of-178.png",709,893,false],"1536x1536":["https:\/\/ugelcusco.gob.pe\/ws\/wp-content\/uploads\/2023\/07\/of-178.png",709,893,false],"2048x2048":["https:\/\/ugelcusco.gob.pe\/ws\/wp-content\/uploads\/2023\/07\/of-178.png",709,893,false],"qubely_landscape":["https:\/\/ugelcusco.gob.pe\/ws\/wp-content\/uploads\/2023\/07\/of-178-709x750.png",709,750,true],"qubely_portrait":["https:\/\/ugelcusco.gob.pe\/ws\/wp-content\/uploads\/2023\/07\/of-178-540x320.png",540,320,true],"qubely_thumbnail":["https:\/\/ugelcusco.gob.pe\/ws\/wp-content\/uploads\/2023\/07\/of-178-140x100.png",140,100,true],"wpeducon-large":["https:\/\/ugelcusco.gob.pe\/ws\/wp-content\/uploads\/2023\/07\/of-178-709x750.png",709,750,true],"wpeducon-medium":["https:\/\/ugelcusco.gob.pe\/ws\/wp-content\/uploads\/2023\/07\/of-178-570x360.png",570,360,true],"wpeducon-gallery":["https:\/\/ugelcusco.gob.pe\/ws\/wp-content\/uploads\/2023\/07\/of-178-360x315.png",360,315,true],"wpeducon-gallery-two":["https:\/\/ugelcusco.gob.pe\/ws\/wp-content\/uploads\/2023\/07\/of-178-709x368.png",709,368,true],"wpeducon-thumb":["https:\/\/ugelcusco.gob.pe\/ws\/wp-content\/uploads\/2023\/07\/of-178-380x180.png",380,180,true],"wpeducon-small":["https:\/\/ugelcusco.gob.pe\/ws\/wp-content\/uploads\/2023\/07\/of-178-76x82.png",76,82,true],"menu-24x24":["https:\/\/ugelcusco.gob.pe\/ws\/wp-content\/uploads\/2023\/07\/of-178-19x24.png",19,24,true],"menu-36x36":["https:\/\/ugelcusco.gob.pe\/ws\/wp-content\/uploads\/2023\/07\/of-178-29x36.png",29,36,true],"menu-62x62":["https:\/\/ugelcusco.gob.pe\/ws\/wp-content\/uploads\/2023\/07\/of-178-49x62.png",49,62,true]},"qubely_author":{"display_name":"admin","author_link":"https:\/\/ugelcusco.gob.pe\/ws\/author\/admin\/"},"qubely_comment":0,"qubely_category":"<a href=\"https:\/\/ugelcusco.gob.pe\/ws\/category\/oficios\/\" rel=\"category tag\">Oficios<\/a>","qubely_excerpt":"ASUNTO: COMUNICA CRONOGRAMA PARA DESARROLLO DEL DESFILE C\u00cdVICO ESCOLAR CON MOTIVOS DE LOS 202 ANIVERSARIO DE LA INDEPENDENCIA DEL PER\u00da Leer m\u00e1s","_links":{"self":[{"href":"https:\/\/ugelcusco.gob.pe\/ws\/wp-json\/wp\/v2\/posts\/14389","targetHints":{"allow":["GET"]}}],"collection":[{"href":"https:\/\/ugelcusco.gob.pe\/ws\/wp-json\/wp\/v2\/posts"}],"about":[{"href":"https:\/\/ugelcusco.gob.pe\/ws\/wp-json\/wp\/v2\/types\/post"}],"author":[{"embeddable":true,"href":"https:\/\/ugelcusco.gob.pe\/ws\/wp-json\/wp\/v2\/users\/1"}],"replies":[{"embeddable":true,"href":"https:\/\/ugelcusco.gob.pe\/ws\/wp-json\/wp\/v2\/comments?post=14389"}],"version-history":[{"count":2,"href":"https:\/\/ugelcusco.gob.pe\/ws\/wp-json\/wp\/v2\/posts\/14389\/revisions"}],"predecessor-version":[{"id":14400,"href":"https:\/\/ugelcusco.gob.pe\/ws\/wp-json\/wp\/v2\/posts\/14389\/revisions\/14400"}],"wp:featuredmedia":[{"embeddable":true,"href":"https:\/\/ugelcusco.gob.pe\/ws\/wp-json\/wp\/v2\/media\/14390"}],"wp:attachment":[{"href":"https:\/\/ugelcusco.gob.pe\/ws\/wp-json\/wp\/v2\/media?parent=14389"}],"wp:term":[{"taxonomy":"category","embeddable":true,"href":"https:\/\/ugelcusco.gob.pe\/ws\/wp-json\/wp\/v2\/categories?post=14389"},{"taxonomy":"post_tag","embeddable":true,"href":"https:\/\/ugelcusco.gob.pe\/ws\/wp-json\/wp\/v2\/tags?post=14389"}],"curies":[{"name":"wp","href":"https:\/\/api.w.org\/{rel}","templated":true}]}}