{"id":19948,"date":"2025-03-14T23:37:48","date_gmt":"2025-03-15T04:37:48","guid":{"rendered":"https:\/\/ugelcusco.gob.pe\/ws\/?p=19948"},"modified":"2025-03-17T10:45:22","modified_gmt":"2025-03-17T15:45:22","slug":"oficio-multiple-n-31-2025-gr-cusco-geredu-c-dugel-jugp","status":"publish","type":"post","link":"https:\/\/ugelcusco.gob.pe\/ws\/oficio-multiple-n-31-2025-gr-cusco-geredu-c-dugel-jugp\/","title":{"rendered":"OFICIO MULTIPLE N\u00b0 31-2025-GR CUSCO\/ GEREDU-C\/ DUGEL-JUGP"},"content":{"rendered":"<p><strong>ASUNTO: REMITE DIRECTIVA N\u00b0 003-2025 GR-CUSCO\/ GEREDU \u00abDISPOSICIONES COMPLEMENTARIAS PARA EL DESARROLLO DEL A\u00d1O ESCOLAR 2025 EN LAS INSTITUCIONES Y PROGRAMAS EDUCATIVOS P\u00daBLICOS Y PRIVADOS DE EDCUACI\u00d3N B\u00c1SICA EN EL \u00c1MBITO DE LA GERENCIA REGIONAL DE EDUCACI\u00d3N CUSCO\u00bb, PARA SU CUMPLIMIENTO.<\/strong><\/p>\n<p><a href=\"https:\/\/ugelcusco.gob.pe\/ws\/wp-content\/uploads\/2025\/03\/compressed_OF.-MUL.-N\u00b0-31-2025-REMITE-DIRECTIVA-N\u00b0-003-2025-DISPOSICIONES-COMPLEMENTARIAS-PARA-EL-DESARROLLO-DEL-ANO-ESCOLAR-2025-EN-LAS-IIEE-DE-LA-UGEL-CUSCO.pdf\"><img decoding=\"async\" class=\"size-medium wp-image-19814 aligncenter\" src=\"https:\/\/ugelcusco.gob.pe\/ws\/wp-content\/uploads\/2025\/02\/descargar-archivo.fw_-300x95.png\" alt=\"\" width=\"300\" height=\"95\" srcset=\"https:\/\/ugelcusco.gob.pe\/ws\/wp-content\/uploads\/2025\/02\/descargar-archivo.fw_-300x95.png 300w, https:\/\/ugelcusco.gob.pe\/ws\/wp-content\/uploads\/2025\/02\/descargar-archivo.fw_-24x8.png 24w, https:\/\/ugelcusco.gob.pe\/ws\/wp-content\/uploads\/2025\/02\/descargar-archivo.fw_-36x11.png 36w, https:\/\/ugelcusco.gob.pe\/ws\/wp-content\/uploads\/2025\/02\/descargar-archivo.fw_-62x20.png 62w, https:\/\/ugelcusco.gob.pe\/ws\/wp-content\/uploads\/2025\/02\/descargar-archivo.fw_.png 520w\" sizes=\"(max-width: 300px) 100vw, 300px\" \/><\/a><\/p>\n","protected":false},"excerpt":{"rendered":"<p>ASUNTO: REMITE DIRECTIVA N\u00b0 003-2025 GR-CUSCO\/ GEREDU \u00abDISPOSICIONES COMPLEMENTARIAS PARA EL DESARROLLO DEL A\u00d1O ESCOLAR 2025 EN LAS INSTITUCIONES Y PROGRAMAS EDUCATIVOS P\u00daBLICOS Y PRIVADOS DE EDCUACI\u00d3N B\u00c1SICA EN EL \u00c1MBITO DE LA GERENCIA REGIONAL DE EDUCACI\u00d3N CUSCO\u00bb, PARA SU CUMPLIMIENTO.<\/p>\n","protected":false},"author":1,"featured_media":19947,"comment_status":"closed","ping_status":"closed","sticky":false,"template":"","format":"standard","meta":{"qubely_global_settings":"","qubely_interactions":"","footnotes":""},"categories":[94],"tags":[],"class_list":["post-19948","post","type-post","status-publish","format-standard","has-post-thumbnail","hentry","category-oficios"],"qubely_featured_image_url":{"full":["https:\/\/ugelcusco.gob.pe\/ws\/wp-content\/uploads\/2025\/03\/om31-25.png",611,852,false],"landscape":["https:\/\/ugelcusco.gob.pe\/ws\/wp-content\/uploads\/2025\/03\/om31-25-611x750.png",611,750,true],"portraits":["https:\/\/ugelcusco.gob.pe\/ws\/wp-content\/uploads\/2025\/03\/om31-25-540x320.png",540,320,true],"thumbnail":["https:\/\/ugelcusco.gob.pe\/ws\/wp-content\/uploads\/2025\/03\/om31-25-150x150.png",150,150,true],"medium":["https:\/\/ugelcusco.gob.pe\/ws\/wp-content\/uploads\/2025\/03\/om31-25-215x300.png",215,300,true],"medium_large":["https:\/\/ugelcusco.gob.pe\/ws\/wp-content\/uploads\/2025\/03\/om31-25.png",611,852,false],"large":["https:\/\/ugelcusco.gob.pe\/ws\/wp-content\/uploads\/2025\/03\/om31-25.png",611,852,false],"1536x1536":["https:\/\/ugelcusco.gob.pe\/ws\/wp-content\/uploads\/2025\/03\/om31-25.png",611,852,false],"2048x2048":["https:\/\/ugelcusco.gob.pe\/ws\/wp-content\/uploads\/2025\/03\/om31-25.png",611,852,false],"qubely_landscape":["https:\/\/ugelcusco.gob.pe\/ws\/wp-content\/uploads\/2025\/03\/om31-25-611x750.png",611,750,true],"qubely_portrait":["https:\/\/ugelcusco.gob.pe\/ws\/wp-content\/uploads\/2025\/03\/om31-25-540x320.png",540,320,true],"qubely_thumbnail":["https:\/\/ugelcusco.gob.pe\/ws\/wp-content\/uploads\/2025\/03\/om31-25-140x100.png",140,100,true],"wpeducon-large":["https:\/\/ugelcusco.gob.pe\/ws\/wp-content\/uploads\/2025\/03\/om31-25-611x750.png",611,750,true],"wpeducon-medium":["https:\/\/ugelcusco.gob.pe\/ws\/wp-content\/uploads\/2025\/03\/om31-25-570x360.png",570,360,true],"wpeducon-gallery":["https:\/\/ugelcusco.gob.pe\/ws\/wp-content\/uploads\/2025\/03\/om31-25-360x315.png",360,315,true],"wpeducon-gallery-two":["https:\/\/ugelcusco.gob.pe\/ws\/wp-content\/uploads\/2025\/03\/om31-25-611x368.png",611,368,true],"wpeducon-thumb":["https:\/\/ugelcusco.gob.pe\/ws\/wp-content\/uploads\/2025\/03\/om31-25-380x180.png",380,180,true],"wpeducon-small":["https:\/\/ugelcusco.gob.pe\/ws\/wp-content\/uploads\/2025\/03\/om31-25-76x82.png",76,82,true],"menu-24x24":["https:\/\/ugelcusco.gob.pe\/ws\/wp-content\/uploads\/2025\/03\/om31-25-17x24.png",17,24,true],"menu-36x36":["https:\/\/ugelcusco.gob.pe\/ws\/wp-content\/uploads\/2025\/03\/om31-25-26x36.png",26,36,true],"menu-62x62":["https:\/\/ugelcusco.gob.pe\/ws\/wp-content\/uploads\/2025\/03\/om31-25-44x62.png",44,62,true]},"qubely_author":{"display_name":"admin","author_link":"https:\/\/ugelcusco.gob.pe\/ws\/author\/admin\/"},"qubely_comment":0,"qubely_category":"<a href=\"https:\/\/ugelcusco.gob.pe\/ws\/category\/oficios\/\" rel=\"category tag\">Oficios<\/a>","qubely_excerpt":"ASUNTO: REMITE DIRECTIVA N\u00b0 003-2025 GR-CUSCO\/ GEREDU \u00abDISPOSICIONES COMPLEMENTARIAS PARA EL DESARROLLO DEL A\u00d1O ESCOLAR 2025 EN LAS INSTITUCIONES Y PROGRAMAS EDUCATIVOS P\u00daBLICOS Y PRIVADOS DE EDCUACI\u00d3N B\u00c1SICA EN EL \u00c1MBITO DE LA GERENCIA REGIONAL DE EDUCACI\u00d3N CUSCO\u00bb, PARA SU CUMPLIMIENTO.","_links":{"self":[{"href":"https:\/\/ugelcusco.gob.pe\/ws\/wp-json\/wp\/v2\/posts\/19948","targetHints":{"allow":["GET"]}}],"collection":[{"href":"https:\/\/ugelcusco.gob.pe\/ws\/wp-json\/wp\/v2\/posts"}],"about":[{"href":"https:\/\/ugelcusco.gob.pe\/ws\/wp-json\/wp\/v2\/types\/post"}],"author":[{"embeddable":true,"href":"https:\/\/ugelcusco.gob.pe\/ws\/wp-json\/wp\/v2\/users\/1"}],"replies":[{"embeddable":true,"href":"https:\/\/ugelcusco.gob.pe\/ws\/wp-json\/wp\/v2\/comments?post=19948"}],"version-history":[{"count":2,"href":"https:\/\/ugelcusco.gob.pe\/ws\/wp-json\/wp\/v2\/posts\/19948\/revisions"}],"predecessor-version":[{"id":19951,"href":"https:\/\/ugelcusco.gob.pe\/ws\/wp-json\/wp\/v2\/posts\/19948\/revisions\/19951"}],"wp:featuredmedia":[{"embeddable":true,"href":"https:\/\/ugelcusco.gob.pe\/ws\/wp-json\/wp\/v2\/media\/19947"}],"wp:attachment":[{"href":"https:\/\/ugelcusco.gob.pe\/ws\/wp-json\/wp\/v2\/media?parent=19948"}],"wp:term":[{"taxonomy":"category","embeddable":true,"href":"https:\/\/ugelcusco.gob.pe\/ws\/wp-json\/wp\/v2\/categories?post=19948"},{"taxonomy":"post_tag","embeddable":true,"href":"https:\/\/ugelcusco.gob.pe\/ws\/wp-json\/wp\/v2\/tags?post=19948"}],"curies":[{"name":"wp","href":"https:\/\/api.w.org\/{rel}","templated":true}]}}