{"id":6419,"date":"2020-12-28T18:31:10","date_gmt":"2020-12-28T23:31:10","guid":{"rendered":"https:\/\/ugelcusco.gob.pe\/ws\/?p=6419"},"modified":"2020-12-29T10:13:47","modified_gmt":"2020-12-29T15:13:47","slug":"vacaciones-truncas","status":"publish","type":"post","link":"https:\/\/ugelcusco.gob.pe\/ws\/vacaciones-truncas\/","title":{"rendered":"VACACIONES TRUNCAS"},"content":{"rendered":"<p>[vc_row full_height=\u00bbyes\u00bb css=\u00bb.vc_custom_1609250947322{padding-right: 5px !important;padding-left: 5px !important;}\u00bb][vc_column css=\u00bb.vc_custom_1609251262367{padding-right: 5px !important;}\u00bb][vc_column_text]<\/p>\r\n<h2><strong> IMPORTANTE Y OBLIGATORIO<\/strong><\/h2>\r\n<div style=\"width: 90%;\">\r\n<p>Con el fin de cumplir con el pago de vacaciones truncas establecidos en la Ley N\u00b0 30328, as\u00ed como la Ley N\u00b0 30493, a favor del personal docente y auxiliar de educaci\u00f3n que han sido contratados durante el presente a\u00f1o, el \u00c1rea de Remuneraciones hace de su conocimiento:<\/p>\r\n<p>\u2756 Si el personal docente y\/o auxiliar de educaci\u00f3n ha sido contratado desde el mes de marzo al 31 de diciembre de 2020 en una sola IIEE, el pago por el concepto de vacaciones truncas ser\u00e1 de oficio, no requiere la presentaci\u00f3n de documento alguno, por parte del Profesor contratado. Debiendo el Directora o la Directora remitir el ANEXO \u2013 01 FORMULARIO 01.<\/p>\r\n<p>\u2756 Si el personal docente y\/o auxiliar de educaci\u00f3n ha sido contratado en los meses posteriores a marzo, pero concluy\u00f3 su contrato el 31 de diciembre del 2020 en una sola IIEE, el pago por el concepto de vacaciones truncas ser\u00e1 igualmente de oficio, no requiere la presentaci\u00f3n de documento alguno, por parte del Profesor\u00a0 Contratado. Debiendo el Directora o la Directora remitir el ANEXO \u2013 01 FORMULARIO 01.<\/p>\r\n<p>\u2756 Si el personal docente y\/o auxiliar de educaci\u00f3n ha tenido v\u00ednculo laboral en una o m\u00e1s II.EE. en forma temporal por meses (con cortes de vigencia de contrato), deber\u00e1 presentar Constancia de trabajo remoto emitido por el Director de la II.EE. y copia de la (s) resoluci\u00f3n (es) de contrato, Si ha laborado en dos o m\u00e1s II. EE. distintas deber\u00e1 presentarlo por separado cada expediente en el ANEXO 01 \u2013 FORMULARIO 01, con sus requisitos mencionados, el mismo que ser\u00e1 ingresado a trav\u00e9s de mesa de partes virtual.<\/p>\r\n<p>\u2756 Si el personal docente y\/o auxiliar de educaci\u00f3n ha tenido v\u00ednculo laboral hasta el mes de noviembre o parte del mes de diciembre de 2020, deber\u00e1 presentar en el ANEXO 01 \u2013 FORMULARIO 01\u00ba Constancia de trabajo remoto emitido por el Director de la II.EE. y copia de la (s) resoluci\u00f3n (es) de contrato, a trav\u00e9s de mesa de partes virtual.<\/p>\r\n<p>\u2756 No procede pago de vacaciones truncas en los casos de v\u00ednculo laboral cuyo acto resolutivo indique solo \u201cPARA EFECTOS DE<\/p>\r\n<p>RECONOCIMIENTO<br \/>ANEXO \u2013 01 FORMULARIO 01<br \/>ANEXO \u2013 02 CONSTANCIA DE TRABAJO REMOTO<br \/>DE PAGO\u201d.<br \/>La presentaci\u00f3n de los documentos es a trav\u00e9s de Mesa de Parte virtual,<br \/>desde el 28 de diciembre 2020 hasta el mi\u00e9rcoles 06 de enero de 2021<\/p>\r\n<p><!-- \/wp:post-content --><\/p>\r\n<\/div>\r\n<p><!-- wp:paragraph --><a href=\"\/ws\/wp-content\/uploads\/2020\/12\/VACACIONES-TRUNCAS-2020.docx.pdf\">VACACIONES TRUNCAS 2020<\/a><\/p>\r\n<!-- \/wp:paragraph -->\r\n<p><!-- wp:paragraph --><a href=\"\/ws\/wp-content\/uploads\/2020\/12\/ANEXO-N\u00b0-1.xlsx\">ANEXO 1 01 FORMULARIO 01<\/a><\/p>\r\n<!-- \/wp:paragraph -->\r\n<p><!-- wp:paragraph --><a href=\"\/ws\/wp-content\/uploads\/2020\/12\/ANEXO-2.pdf\">ANEXO 2 CONSTANCIA DE TRABAJO REMOTO<\/a><\/p>\r\n<!-- \/wp:paragraph -->\r\n<p>&nbsp;<\/p>\r\n<!-- wp:paragraph \/-->\r\n<p>&nbsp;<\/p>\r\n<!-- wp:paragraph \/-->\r\n<p>&nbsp;<\/p>\r\n<p>[\/vc_column_text][\/vc_column][\/vc_row]<\/p>","protected":false},"excerpt":{"rendered":"<p>[vc_row full_height=\u00bbyes\u00bb css=\u00bb.vc_custom_1609250947322{padding-right: 5px !important;padding-left: 5px !important;}\u00bb][vc_column css=\u00bb.vc_custom_1609251262367{padding-right: 5px !important;}\u00bb][vc_column_text] IMPORTANTE Y OBLIGATORIO Con el fin de cumplir con el pago de vacaciones truncas establecidos en la Ley N\u00b0 30328, as\u00ed como la Ley N\u00b0 30493, a favor del personal docente y auxiliar de educaci\u00f3n que han sido contratados durante el presente a\u00f1o, el \u00c1rea [&hellip;]<\/p>\n","protected":false},"author":1,"featured_media":6435,"comment_status":"closed","ping_status":"closed","sticky":false,"template":"","format":"standard","meta":{"qubely_global_settings":"","qubely_interactions":"","footnotes":""},"categories":[88],"tags":[92,91],"class_list":["post-6419","post","type-post","status-publish","format-standard","has-post-thumbnail","hentry","category-noticias","tag-ugel-cusco","tag-vacaciones-truncas-ugel"],"qubely_featured_image_url":{"full":["https:\/\/ugelcusco.gob.pe\/ws\/wp-content\/uploads\/2020\/12\/vacaciones-truncas-2.png",675,614,false],"landscape":["https:\/\/ugelcusco.gob.pe\/ws\/wp-content\/uploads\/2020\/12\/vacaciones-truncas-2.png",675,614,false],"portraits":["https:\/\/ugelcusco.gob.pe\/ws\/wp-content\/uploads\/2020\/12\/vacaciones-truncas-2-540x320.png",540,320,true],"thumbnail":["https:\/\/ugelcusco.gob.pe\/ws\/wp-content\/uploads\/2020\/12\/vacaciones-truncas-2-150x150.png",150,150,true],"medium":["https:\/\/ugelcusco.gob.pe\/ws\/wp-content\/uploads\/2020\/12\/vacaciones-truncas-2-300x273.png",300,273,true],"medium_large":["https:\/\/ugelcusco.gob.pe\/ws\/wp-content\/uploads\/2020\/12\/vacaciones-truncas-2.png",675,614,false],"large":["https:\/\/ugelcusco.gob.pe\/ws\/wp-content\/uploads\/2020\/12\/vacaciones-truncas-2.png",675,614,false],"1536x1536":["https:\/\/ugelcusco.gob.pe\/ws\/wp-content\/uploads\/2020\/12\/vacaciones-truncas-2.png",675,614,false],"2048x2048":["https:\/\/ugelcusco.gob.pe\/ws\/wp-content\/uploads\/2020\/12\/vacaciones-truncas-2.png",675,614,false],"qubely_landscape":["https:\/\/ugelcusco.gob.pe\/ws\/wp-content\/uploads\/2020\/12\/vacaciones-truncas-2.png",675,614,false],"qubely_portrait":["https:\/\/ugelcusco.gob.pe\/ws\/wp-content\/uploads\/2020\/12\/vacaciones-truncas-2-540x320.png",540,320,true],"qubely_thumbnail":["https:\/\/ugelcusco.gob.pe\/ws\/wp-content\/uploads\/2020\/12\/vacaciones-truncas-2-140x100.png",140,100,true],"wpeducon-large":["https:\/\/ugelcusco.gob.pe\/ws\/wp-content\/uploads\/2020\/12\/vacaciones-truncas-2.png",675,614,false],"wpeducon-medium":["https:\/\/ugelcusco.gob.pe\/ws\/wp-content\/uploads\/2020\/12\/vacaciones-truncas-2-570x360.png",570,360,true],"wpeducon-gallery":["https:\/\/ugelcusco.gob.pe\/ws\/wp-content\/uploads\/2020\/12\/vacaciones-truncas-2-360x315.png",360,315,true],"wpeducon-gallery-two":["https:\/\/ugelcusco.gob.pe\/ws\/wp-content\/uploads\/2020\/12\/vacaciones-truncas-2-675x368.png",675,368,true],"wpeducon-thumb":["https:\/\/ugelcusco.gob.pe\/ws\/wp-content\/uploads\/2020\/12\/vacaciones-truncas-2-380x180.png",380,180,true],"wpeducon-small":["https:\/\/ugelcusco.gob.pe\/ws\/wp-content\/uploads\/2020\/12\/vacaciones-truncas-2-76x82.png",76,82,true],"menu-24x24":["https:\/\/ugelcusco.gob.pe\/ws\/wp-content\/uploads\/2020\/12\/vacaciones-truncas-2-24x22.png",24,22,true],"menu-36x36":["https:\/\/ugelcusco.gob.pe\/ws\/wp-content\/uploads\/2020\/12\/vacaciones-truncas-2-36x33.png",36,33,true],"menu-62x62":["https:\/\/ugelcusco.gob.pe\/ws\/wp-content\/uploads\/2020\/12\/vacaciones-truncas-2-62x56.png",62,56,true]},"qubely_author":{"display_name":"admin","author_link":"https:\/\/ugelcusco.gob.pe\/ws\/author\/admin\/"},"qubely_comment":0,"qubely_category":"<a href=\"https:\/\/ugelcusco.gob.pe\/ws\/category\/noticias\/\" rel=\"category tag\">Noticias<\/a>","qubely_excerpt":"[vc_row full_height=\u00bbyes\u00bb css=\u00bb.vc_custom_1609250947322{padding-right: 5px !important;padding-left: 5px !important;}\u00bb][vc_column css=\u00bb.vc_custom_1609251262367{padding-right: 5px !important;}\u00bb][vc_column_text] IMPORTANTE Y OBLIGATORIO Con el fin de cumplir con el pago de vacaciones truncas establecidos en la Ley N\u00b0 30328, as\u00ed como la Ley N\u00b0 30493, a favor del personal docente y auxiliar de educaci\u00f3n que han sido contratados durante el presente a\u00f1o, el \u00c1rea&hellip;","_links":{"self":[{"href":"https:\/\/ugelcusco.gob.pe\/ws\/wp-json\/wp\/v2\/posts\/6419","targetHints":{"allow":["GET"]}}],"collection":[{"href":"https:\/\/ugelcusco.gob.pe\/ws\/wp-json\/wp\/v2\/posts"}],"about":[{"href":"https:\/\/ugelcusco.gob.pe\/ws\/wp-json\/wp\/v2\/types\/post"}],"author":[{"embeddable":true,"href":"https:\/\/ugelcusco.gob.pe\/ws\/wp-json\/wp\/v2\/users\/1"}],"replies":[{"embeddable":true,"href":"https:\/\/ugelcusco.gob.pe\/ws\/wp-json\/wp\/v2\/comments?post=6419"}],"version-history":[{"count":8,"href":"https:\/\/ugelcusco.gob.pe\/ws\/wp-json\/wp\/v2\/posts\/6419\/revisions"}],"predecessor-version":[{"id":6438,"href":"https:\/\/ugelcusco.gob.pe\/ws\/wp-json\/wp\/v2\/posts\/6419\/revisions\/6438"}],"wp:featuredmedia":[{"embeddable":true,"href":"https:\/\/ugelcusco.gob.pe\/ws\/wp-json\/wp\/v2\/media\/6435"}],"wp:attachment":[{"href":"https:\/\/ugelcusco.gob.pe\/ws\/wp-json\/wp\/v2\/media?parent=6419"}],"wp:term":[{"taxonomy":"category","embeddable":true,"href":"https:\/\/ugelcusco.gob.pe\/ws\/wp-json\/wp\/v2\/categories?post=6419"},{"taxonomy":"post_tag","embeddable":true,"href":"https:\/\/ugelcusco.gob.pe\/ws\/wp-json\/wp\/v2\/tags?post=6419"}],"curies":[{"name":"wp","href":"https:\/\/api.w.org\/{rel}","templated":true}]}}